{"id":115,"date":"2024-12-27T11:06:47","date_gmt":"2024-12-27T08:06:47","guid":{"rendered":"https:\/\/suvarli.bel.tr\/?p=115"},"modified":"2025-02-20T20:04:53","modified_gmt":"2025-02-20T17:04:53","slug":"sayin-murat-kumu-makaminda-ziyaret","status":"publish","type":"post","link":"https:\/\/suvarli.bel.tr\/index.php\/2024\/12\/27\/sayin-murat-kumu-makaminda-ziyaret\/","title":{"rendered":"SAYIN MURAT KUM&#8217;U MAKAMINDA Z\u0130YARET"},"content":{"rendered":"\n<p>ELAZI\u011e Karayollar\u0131 8. B\u00f6lge m\u00fcd\u00fcrl\u00fc\u011f\u00fc,B\u00f6lge M\u00fcd\u00fcr yard\u0131mc\u0131s\u0131 Say\u0131n Murat KUM\u2019u makam\u0131nda ziyaret ederek,Suvarl\u0131 Besni aras\u0131 yolumuzun kalan k\u0131sm\u0131n\u0131n bahar ay\u0131nda yap\u0131l\u0131p bitirilece\u011fini ve daha \u00f6nce Belediyemiz imkanlar\u0131yla geni\u015fletme \u00e7al\u0131\u015fmas\u0131 yapt\u0131\u011f\u0131m\u0131z yolun sathi kaplamas\u0131n\u0131n eksik kalan k\u0131s\u0131mlar\u0131n\u0131nda en k\u0131sa zamanda tamamlanaca\u011f\u0131 s\u00f6z\u00fcn\u00fc ald\u0131k.<br>De\u011ferli m\u00fcd\u00fcr\u00fcm\u00fcze ilgi ve alakalar\u0131ndan dolay\u0131 \u00e7ok te\u015fekk\u00fcr ederiz\u2026<br>Haydar SERT<br>Suvarl\u0131 Belediye Ba\u015fkan\u0131<\/p>\n","protected":false},"excerpt":{"rendered":"<p>ELAZI\u011e Karayollar\u0131 8. B\u00f6lge m\u00fcd\u00fcrl\u00fc\u011f\u00fc,B\u00f6lge M\u00fcd\u00fcr yard\u0131mc\u0131s\u0131 Say\u0131n Murat KUM\u2019u makam\u0131nda ziyaret ederek,Suvarl\u0131 Besni aras\u0131 yolumuzun kalan k\u0131sm\u0131n\u0131n bahar ay\u0131nda yap\u0131l\u0131p bitirilece\u011fini ve daha \u00f6nce Belediyemiz imkanlar\u0131yla geni\u015fletme \u00e7al\u0131\u015fmas\u0131 yapt\u0131\u011f\u0131m\u0131z yolun sathi kaplamas\u0131n\u0131n eksik kalan k\u0131s\u0131mlar\u0131n\u0131nda en k\u0131sa zamanda tamamlanaca\u011f\u0131 s\u00f6z\u00fcn\u00fc ald\u0131k.De\u011ferli m\u00fcd\u00fcr\u00fcm\u00fcze ilgi ve alakalar\u0131ndan dolay\u0131 \u00e7ok te\u015fekk\u00fcr ederiz\u2026Haydar [&hellip;]<\/p>\n","protected":false},"author":1,"featured_media":116,"comment_status":"closed","ping_status":"open","sticky":false,"template":"","format":"standard","meta":{"saved_in_kubio":false,"footnotes":""},"categories":[3],"tags":[],"class_list":["post-115","post","type-post","status-publish","format-standard","has-post-thumbnail","hentry","category-haberler"],"_links":{"self":[{"href":"https:\/\/suvarli.bel.tr\/index.php\/wp-json\/wp\/v2\/posts\/115","targetHints":{"allow":["GET"]}}],"collection":[{"href":"https:\/\/suvarli.bel.tr\/index.php\/wp-json\/wp\/v2\/posts"}],"about":[{"href":"https:\/\/suvarli.bel.tr\/index.php\/wp-json\/wp\/v2\/types\/post"}],"author":[{"embeddable":true,"href":"https:\/\/suvarli.bel.tr\/index.php\/wp-json\/wp\/v2\/users\/1"}],"replies":[{"embeddable":true,"href":"https:\/\/suvarli.bel.tr\/index.php\/wp-json\/wp\/v2\/comments?post=115"}],"version-history":[{"count":2,"href":"https:\/\/suvarli.bel.tr\/index.php\/wp-json\/wp\/v2\/posts\/115\/revisions"}],"predecessor-version":[{"id":268,"href":"https:\/\/suvarli.bel.tr\/index.php\/wp-json\/wp\/v2\/posts\/115\/revisions\/268"}],"wp:featuredmedia":[{"embeddable":true,"href":"https:\/\/suvarli.bel.tr\/index.php\/wp-json\/wp\/v2\/media\/116"}],"wp:attachment":[{"href":"https:\/\/suvarli.bel.tr\/index.php\/wp-json\/wp\/v2\/media?parent=115"}],"wp:term":[{"taxonomy":"category","embeddable":true,"href":"https:\/\/suvarli.bel.tr\/index.php\/wp-json\/wp\/v2\/categories?post=115"},{"taxonomy":"post_tag","embeddable":true,"href":"https:\/\/suvarli.bel.tr\/index.php\/wp-json\/wp\/v2\/tags?post=115"}],"curies":[{"name":"wp","href":"https:\/\/api.w.org\/{rel}","templated":true}]}}