{"id":509,"date":"2025-02-26T18:29:11","date_gmt":"2025-02-26T15:29:11","guid":{"rendered":"https:\/\/suvarli.bel.tr\/?p=509"},"modified":"2025-02-26T18:30:08","modified_gmt":"2025-02-26T15:30:08","slug":"kiymetli-dostlar-sevgili-belde-halkimiz","status":"publish","type":"post","link":"https:\/\/suvarli.bel.tr\/index.php\/2025\/02\/26\/kiymetli-dostlar-sevgili-belde-halkimiz\/","title":{"rendered":"K\u0131ymetli Dostlar, Sevgili Belde Halk\u0131m\u0131z;"},"content":{"rendered":"\n<p>\u00dclke ve millet olarak ekonomik, sosyal ve siyasal a\u00e7\u0131dan \u00f6nemli bir de\u011fi\u015fim ve d\u00f6n\u00fc\u015f\u00fcm s\u00fcrecinden ge\u00e7iyoruz. B\u00f6ylesi \u00f6nemli bir s\u00fcre\u00e7ten ge\u00e7erken bizler, Suvarl\u0131n\u0131n gelece\u011fini birle\u015ftiren, b\u00fct\u00fcnle\u015ftiren bir anlay\u0131\u015fta g\u00f6r\u00fcyoruz..<\/p>\n\n\n\n<p>Bu sebeple hi\u00e7 kimseyi ayr\u0131\u015ft\u0131rmadan, \u00f6tekile\u015ftirmeden b\u00fcy\u00fck bir yenilenme ve kalk\u0131nma hamlesini birlikte ba\u015farmak istiyoruz, asla \u00fcmitsiz olmay\u0131n \u00e7\u00fcnk\u00fc biz bu yola sizlerin umutlar\u0131n\u0131 b\u00fcy\u00fctmek ve ye\u015fertmek <a><\/a>i\u00e7in \u00e7\u0131kt\u0131k.<\/p>\n\n\n\n<p>Halk\u0131m\u0131z\u0131n menfaatleri her \u015feyden daha k\u0131ymetlidir, bu b\u00fcy\u00fck de\u011fi\u015fimin yar\u0131nlar\u0131m\u0131za bolluk ve bereket getirece\u011fine dair inanc\u0131m\u0131z tamd\u0131r.<\/p>\n\n\n\n<p>Selam ve sevgi ile kal\u0131n sa\u011fl\u0131cakla.<\/p>\n\n\n\n<p>HAYDAR SERT<\/p>\n\n\n\n<p>AK PART\u0130 SUVARLI BELED\u0130YE BA\u015eKANI<\/p>\n\n\n","protected":false},"excerpt":{"rendered":"<p>\u00dclke ve millet olarak ekonomik, sosyal ve siyasal a\u00e7\u0131dan \u00f6nemli bir de\u011fi\u015fim ve d\u00f6n\u00fc\u015f\u00fcm s\u00fcrecinden ge\u00e7iyoruz. B\u00f6ylesi \u00f6nemli bir s\u00fcre\u00e7ten ge\u00e7erken bizler, Suvarl\u0131n\u0131n gelece\u011fini birle\u015ftiren, b\u00fct\u00fcnle\u015ftiren bir anlay\u0131\u015fta g\u00f6r\u00fcyoruz.. Bu sebeple hi\u00e7 kimseyi ayr\u0131\u015ft\u0131rmadan, \u00f6tekile\u015ftirmeden b\u00fcy\u00fck bir yenilenme ve kalk\u0131nma hamlesini birlikte ba\u015farmak istiyoruz, asla \u00fcmitsiz olmay\u0131n \u00e7\u00fcnk\u00fc biz bu [&hellip;]<\/p>\n","protected":false},"author":1,"featured_media":0,"comment_status":"closed","ping_status":"open","sticky":false,"template":"","format":"standard","meta":{"saved_in_kubio":false,"footnotes":""},"categories":[1],"tags":[],"class_list":["post-509","post","type-post","status-publish","format-standard","hentry","category-genel"],"_links":{"self":[{"href":"https:\/\/suvarli.bel.tr\/index.php\/wp-json\/wp\/v2\/posts\/509","targetHints":{"allow":["GET"]}}],"collection":[{"href":"https:\/\/suvarli.bel.tr\/index.php\/wp-json\/wp\/v2\/posts"}],"about":[{"href":"https:\/\/suvarli.bel.tr\/index.php\/wp-json\/wp\/v2\/types\/post"}],"author":[{"embeddable":true,"href":"https:\/\/suvarli.bel.tr\/index.php\/wp-json\/wp\/v2\/users\/1"}],"replies":[{"embeddable":true,"href":"https:\/\/suvarli.bel.tr\/index.php\/wp-json\/wp\/v2\/comments?post=509"}],"version-history":[{"count":2,"href":"https:\/\/suvarli.bel.tr\/index.php\/wp-json\/wp\/v2\/posts\/509\/revisions"}],"predecessor-version":[{"id":512,"href":"https:\/\/suvarli.bel.tr\/index.php\/wp-json\/wp\/v2\/posts\/509\/revisions\/512"}],"wp:attachment":[{"href":"https:\/\/suvarli.bel.tr\/index.php\/wp-json\/wp\/v2\/media?parent=509"}],"wp:term":[{"taxonomy":"category","embeddable":true,"href":"https:\/\/suvarli.bel.tr\/index.php\/wp-json\/wp\/v2\/categories?post=509"},{"taxonomy":"post_tag","embeddable":true,"href":"https:\/\/suvarli.bel.tr\/index.php\/wp-json\/wp\/v2\/tags?post=509"}],"curies":[{"name":"wp","href":"https:\/\/api.w.org\/{rel}","templated":true}]}}